{"id":3096,"date":"2022-01-03T10:59:51","date_gmt":"2022-01-03T07:59:51","guid":{"rendered":"https:\/\/altismobilya.com\/?p=3096"},"modified":"2022-01-02T11:07:15","modified_gmt":"2022-01-02T08:07:15","slug":"koltuk-takimi-renk-seciminde-nelere-dikkat-edilmeli","status":"publish","type":"post","link":"https:\/\/altismobilya.com\/en\/koltuk-takimi-renk-seciminde-nelere-dikkat-edilmeli\/","title":{"rendered":"Koltuk Tak\u0131m\u0131 Renk Se\u00e7iminde Nelere Dikkat Edilmeli?"},"content":{"rendered":"<p>Oturma odan\u0131z i\u00e7in tercih edece\u011finiz <strong>koltuk tak\u0131m\u0131<\/strong> modelinin desen ve boyutunun yan\u0131 s\u0131ra rengine de dikkat etmelisiniz. Koltuk tak\u0131mlar\u0131nda yer verilen renkler farkl\u0131 anlamlar ta\u015f\u0131maktad\u0131r. Renklerin ta\u015f\u0131d\u0131klar\u0131 duygular ve verdi\u011fi enerji hakk\u0131nda bilgi sahibi olarak odan\u0131z i\u00e7in en do\u011fru koltuk tak\u0131m\u0131n\u0131 bulabilirsiniz. Hem \u015f\u0131k hem de duygu dolu g\u00f6r\u00fcnen <strong>k\u0131rm\u0131z\u0131 koltuk tak\u0131m\u0131<\/strong> yo\u011fun enerjinin de sembol\u00fcd\u00fcr. Bu nedenle k\u0131rm\u0131z\u0131 renk koltuk tak\u0131mlar\u0131n\u0131 ya da k\u0131rm\u0131z\u0131 e\u015fyalar\u0131 karanl\u0131k bir odada kullanmaktan ziyade ayd\u0131nl\u0131k bir alan tercih edilmelidir. Oturma odan\u0131zda krem rengi ya da beyaz tonlar\u0131n\u0131 kullanmak dekorasyon a\u00e7\u0131s\u0131ndan sizlere kolayl\u0131k sunacakt\u0131r. Krem rengi ve beyaz sadeli\u011fin ve huzurun sembol\u00fcd\u00fcr. Gri, \u015f\u0131k bir oturma odas\u0131 i\u00e7in ideal bir renktir. Siyah ve tonlar\u0131n\u0131 ise b\u00fcy\u00fck oturma odalar\u0131n\u0131zda kullanarak ba\u015far\u0131l\u0131 bir stil ortaya \u00e7\u0131karabilirsiniz. Farkl\u0131 renklerde ve farkl\u0131 modellerde koltuk tak\u0131mlar\u0131 i\u00e7in bu yaz\u0131y\u0131 inceleyebilirsiniz.<\/p>\n<h2><strong>Buffalo 3&#8217;l\u00fc Kanepe ve Berjer Tak\u0131m<\/strong><\/h2>\n<p><img loading=\"lazy\" class=\"size-full wp-image-3097 aligncenter\" src=\"https:\/\/altismobilya.com\/wp-content\/uploads\/2022\/01\/buffalo-3lu-kanepe-ve-berjer-takimi.png\" alt=\"Buffalo 3'l\u00fc Kanepe ve Berjer Tak\u0131m\" width=\"1083\" height=\"577\" \/><\/p>\n<p><strong>Buffalo 3&#8217;l\u00fc Kanepe ve Berjer Tak\u0131m<\/strong> modelinde yer alan ikili berjer koltuklar kaplan desenlidir. Kanepelerin biri bal k\u00f6p\u00fc\u011f\u00fc renginde biri ise krem rengi tonlar\u0131ndad\u0131r. Krem rengi olan kanepenin kol k\u0131sm\u0131 bal k\u00f6p\u00fc\u011f\u00fc model ile uyum sa\u011flamas\u0131 a\u00e7\u0131s\u0131ndan ayn\u0131 renk olacak \u015fekilde dizayn edilmi\u015ftir. Modelde krem rengi olan kanepe d\u00fcz ve sade bir yap\u0131ya sahip iken bal k\u00f6p\u00fc\u011f\u00fc olan kanepe chester tarz\u0131nda imal edilmi\u015ftir. Her iki kanepede de konfor detayl\u0131 olarak d\u00fc\u015f\u00fcn\u00fclm\u00fc\u015f ve ergonomik bir tasar\u0131m ortaya konmu\u015ftur. Berjer modellerde ise rahatl\u0131k a\u00e7\u0131s\u0131ndan geni\u015f bir oturma minderi kullan\u0131lm\u0131\u015ft\u0131r.<\/p>\n<h2><strong>Falez Koltuk Tak\u0131m\u0131<\/strong><\/h2>\n<p><a href=\"https:\/\/altismobilya.com\/en\/modern-mobilya\/\"><strong>Falez Koltuk Tak\u0131m\u0131<\/strong><\/a> tekli bir berjer ve ikili iki adet kanepeden olu\u015fmaktad\u0131r. Tak\u0131mda kullan\u0131lan berjer kolsuz modellerden se\u00e7ilmi\u015f olup kadife yap\u0131s\u0131 sayesinde ekstra bir konfor sunmaktad\u0131r. Modelin geneli krem rengine sahip olsa da bu rengin yaln\u0131z kullan\u0131m\u0131ndan kaynaklanacak sadeli\u011fin yok edilmesi amac\u0131 ile berjer kahve tonlar\u0131nda \u00fcretilmi\u015ftir. Kanepelerde yer alan kol koyma detaylar\u0131 konfor a\u00e7\u0131s\u0131ndan geni\u015f imal edilmi\u015ftir. Kanepe kenarlar\u0131nda 2022 y\u0131l\u0131nda s\u0131k g\u00f6r\u00fclecek alt\u0131n sar\u0131s\u0131 ge\u00e7i\u015fler esas al\u0131nm\u0131\u015ft\u0131r. E\u011fer bu koltuk tak\u0131m\u0131n\u0131 sat\u0131n almay\u0131 d\u00fc\u015f\u00fcn\u00fcyor iseniz alt\u0131n sar\u0131s\u0131 ge\u00e7i\u015fli bir orta sehpa ile kombin olu\u015fturabilirsiniz.<\/p>\n<h3><strong>Manchester 4&#8217;l\u00fc Tak\u0131m<\/strong><\/h3>\n<p><strong>Manchester 4&#8217;l\u00fc Tak\u0131m <\/strong>olduk\u00e7a inovatif bir tasar\u0131ma sahip olup pek \u00e7ok farkl\u0131 deseni bir arada bulundurmaktad\u0131r. Tak\u0131mda yer alan iki kanepe birbirinden ba\u011f\u0131ms\u0131z tasar\u0131mlara sahiptir. Kanepelerden biri zebra desenli olup oturma odalar\u0131n\u0131za modern bir hava kazand\u0131rmak i\u00e7in tak\u0131m i\u00e7erisine konmu\u015ftur. Di\u011fer kanepe ise chester model olup mat siyah deriden imal edilmi\u015ftir. Modelde yer verilen berjer ise orijinal tasar\u0131m\u0131 ve ergonomik yap\u0131s\u0131 ile dikkatleri \u00fczerine \u00e7ekmektedir. Gri rengin aktif olarak kullan\u0131ld\u0131\u011f\u0131 berjer, k\u0131sa ayaklardan olu\u015fmaktad\u0131r.<\/p>\n<h4><strong>Artemis Koltuk Tak\u0131m\u0131<\/strong><\/h4>\n<p><strong>Artemis Koltuk Tak\u0131m\u0131 <\/strong>kanepeleri bak\u0131m\u0131ndan de\u011ferlendirildi\u011finde olduk\u00e7a sade bir tasar\u0131ma sahiptir. Bu sade tasar\u0131ma canl\u0131l\u0131k kazand\u0131rmak amac\u0131 ile modelde iki adet farkl\u0131 model berjer kullan\u0131lm\u0131\u015ft\u0131r. Berjerlerden biri kanepeler ile ayn\u0131 tonda bir beyaza sahip iken di\u011fer berjer a\u00e7\u0131k kahve tonlar\u0131ndad\u0131r. A\u00e7\u0131k kahve tonlar\u0131ndaki berjerin s\u0131rt k\u0131sm\u0131 olduk\u00e7a uzun bir tasar\u0131ma sahiptir. Beyaz berjerde ise yuvarlak bir tasar\u0131m s\u00f6z konusudur. E\u011fer Artemis model bir koltuk tak\u0131m\u0131 sat\u0131n almay\u0131 d\u00fc\u015f\u00fcn\u00fcyor iseniz bu koltuk tak\u0131m\u0131n\u0131z\u0131 koyu kahve tonlar\u0131nda bir orta sehpa ile tamamlayarak arad\u0131\u011f\u0131n\u0131z dekorasyona sahip olabilirsiniz.<\/p>\n<h5><strong>Marcell 2&#8217;li Koltuk Tak\u0131m\u0131<\/strong><\/h5>\n<p><img loading=\"lazy\" class=\"size-full wp-image-3098 aligncenter\" src=\"https:\/\/altismobilya.com\/wp-content\/uploads\/2022\/01\/marcell-2li-koltuk-takimi.png\" alt=\"Marcell 2'li Koltuk Tak\u0131m\u0131\" width=\"1231\" height=\"709\" srcset=\"https:\/\/altismobilya.com\/wp-content\/uploads\/2022\/01\/marcell-2li-koltuk-takimi.png 1231w, https:\/\/altismobilya.com\/wp-content\/uploads\/2022\/01\/marcell-2li-koltuk-takimi-1200x691.png 1200w, https:\/\/altismobilya.com\/wp-content\/uploads\/2022\/01\/marcell-2li-koltuk-takimi-300x173.png 300w, https:\/\/altismobilya.com\/wp-content\/uploads\/2022\/01\/marcell-2li-koltuk-takimi-768x442.png 768w, https:\/\/altismobilya.com\/wp-content\/uploads\/2022\/01\/marcell-2li-koltuk-takimi-1024x590.png 1024w\" sizes=\"(max-width: 1231px) 100vw, 1231px\" \/><\/p>\n<p>E\u011fer <strong>oturma odas\u0131 dekorasyonu <\/strong>i\u00e7in olduk\u00e7a sade bir koltuk tak\u0131m\u0131 sat\u0131n almay\u0131 d\u00fc\u015f\u00fcn\u00fcyor iseniz bu modeli tercih edebilirsiniz. Oturma odalar\u0131nda yer verilen mobilyalar\u0131n ve di\u011fer e\u015fyalar\u0131n hareketli g\u00f6r\u00fcn\u00fcm\u00fcn\u00fc bast\u0131rmaya ve ortam\u0131 biraz daha sakinle\u015ftirmeye imk\u00e2n sunan <strong>Marcell 2&#8217;li Koltuk Tak\u0131m\u0131 <\/strong>krem rengi ve a\u00e7\u0131k kahve tonlar\u0131nda iki farkl\u0131 kanepeye sahiptir. Kanepeler d\u00fcz bir tasar\u0131ma sahip olup k\u0131sa ayaklar ile desteklenmi\u015ftir.<\/p>\n<h6><strong>Pietra Koltuk Tak\u0131m\u0131<\/strong><\/h6>\n<p>Bir adet krem rengi berjer ve iki adet krem rengi kanepeden olu\u015fan bu <strong>Pietra Koltuk Tak\u0131m\u0131 <\/strong>oturma odalar\u0131n\u0131za klasik g\u00f6r\u00fcn\u00fcm ile modern g\u00f6r\u00fcn\u00fcm\u00fc bir arada sunacakt\u0131r. Berjerde kullan\u0131lan ayaklar kahverengi ve d\u00fcz bir tasar\u0131ma sahip olup uzun yap\u0131dad\u0131r. Bu sayede \u015f\u0131k bir duru\u015f yakalamaktad\u0131r. Kanepelerde ise k\u0131sa ayaklar kullan\u0131lm\u0131\u015ft\u0131r.<\/p>","protected":false},"excerpt":{"rendered":"<p>Oturma odan\u0131z i\u00e7in tercih edece\u011finiz koltuk tak\u0131m\u0131 modelinin desen ve boyutunun yan\u0131 s\u0131ra rengine de dikkat etmelisiniz. Koltuk tak\u0131mlar\u0131nda yer<\/p>","protected":false},"author":2,"featured_media":3099,"comment_status":"open","ping_status":"open","sticky":false,"template":"","format":"standard","meta":[],"categories":[66],"tags":[],"_links":{"self":[{"href":"https:\/\/altismobilya.com\/en\/wp-json\/wp\/v2\/posts\/3096"}],"collection":[{"href":"https:\/\/altismobilya.com\/en\/wp-json\/wp\/v2\/posts"}],"about":[{"href":"https:\/\/altismobilya.com\/en\/wp-json\/wp\/v2\/types\/post"}],"author":[{"embeddable":true,"href":"https:\/\/altismobilya.com\/en\/wp-json\/wp\/v2\/users\/2"}],"replies":[{"embeddable":true,"href":"https:\/\/altismobilya.com\/en\/wp-json\/wp\/v2\/comments?post=3096"}],"version-history":[{"count":2,"href":"https:\/\/altismobilya.com\/en\/wp-json\/wp\/v2\/posts\/3096\/revisions"}],"predecessor-version":[{"id":3101,"href":"https:\/\/altismobilya.com\/en\/wp-json\/wp\/v2\/posts\/3096\/revisions\/3101"}],"wp:featuredmedia":[{"embeddable":true,"href":"https:\/\/altismobilya.com\/en\/wp-json\/wp\/v2\/media\/3099"}],"wp:attachment":[{"href":"https:\/\/altismobilya.com\/en\/wp-json\/wp\/v2\/media?parent=3096"}],"wp:term":[{"taxonomy":"category","embeddable":true,"href":"https:\/\/altismobilya.com\/en\/wp-json\/wp\/v2\/categories?post=3096"},{"taxonomy":"post_tag","embeddable":true,"href":"https:\/\/altismobilya.com\/en\/wp-json\/wp\/v2\/tags?post=3096"}],"curies":[{"name":"wp","href":"https:\/\/api.w.org\/{rel}","templated":true}]}}