{"id":2890,"date":"2021-09-20T10:25:07","date_gmt":"2021-09-20T07:25:07","guid":{"rendered":"https:\/\/altismobilya.com\/?p=2890"},"modified":"2021-09-13T12:26:14","modified_gmt":"2021-09-13T09:26:14","slug":"rahat-ve-luks-dekorasyon-ayni-anda-nasil-olusturulur","status":"publish","type":"post","link":"https:\/\/altismobilya.com\/en\/rahat-ve-luks-dekorasyon-ayni-anda-nasil-olusturulur\/","title":{"rendered":"Rahat ve L\u00fcks Dekorasyon Ayn\u0131 Anda Nas\u0131l Olu\u015fturulur?"},"content":{"rendered":"<p>Evlerimizde rahat l\u00fcks bir g\u00f6r\u00fcn\u00fcme sahip olmak hepimizin hayalidir. O nedenle evlerimizin dekorasyonunu olduk\u00e7a \u00f6nem verir, her ayr\u0131nt\u0131y\u0131 iyice d\u00fc\u015f\u00fcnerek planlar\u0131z. Dekorasyon eve gelen insanlar\u0131n bizim hakk\u0131m\u0131zdaki d\u00fc\u015f\u00fcncelerini etkileyebildi\u011fi i\u00e7in olduk\u00e7a \u00f6nemli bir ayr\u0131nt\u0131d\u0131r. Bu nedenle evimizi kendi tarz\u0131m\u0131za uygun olarak dizayn ederiz. Evlerimizin daha g\u00fczel g\u00f6r\u00fcnmesi i\u00e7in hem l\u00fcks bir dekorasyona hem de daha rahat ya\u015famam\u0131z i\u00e7in rahat bir dekorasyona sahip olmak isteriz. Peki, hem l\u00fcks hem rahat dekorasyon ayn\u0131 anda nas\u0131l olu\u015fturulur, <a href=\"https:\/\/altismobilya.com\/en\/luxury-mobilya\/\"><strong>l\u00fcks dekorasyon<\/strong> <\/a>nedir ve nas\u0131l yap\u0131l\u0131r t\u00fcm bunlar\u0131n cevab\u0131 yaz\u0131m\u0131zda olacakt\u0131r.<\/p>\n<p><!--more--><\/p>\n<p><img loading=\"lazy\" class=\"alignnone size-full wp-image-2894\" src=\"https:\/\/altismobilya.com\/wp-content\/uploads\/2021\/09\/urun-luxery-mobilya-32.jpg\" alt=\"l\u00fcks dekorasyon\" width=\"1600\" height=\"1200\" srcset=\"https:\/\/altismobilya.com\/wp-content\/uploads\/2021\/09\/urun-luxery-mobilya-32.jpg 1600w, https:\/\/altismobilya.com\/wp-content\/uploads\/2021\/09\/urun-luxery-mobilya-32-700x525.jpg 700w, https:\/\/altismobilya.com\/wp-content\/uploads\/2021\/09\/urun-luxery-mobilya-32-1200x900.jpg 1200w, https:\/\/altismobilya.com\/wp-content\/uploads\/2021\/09\/urun-luxery-mobilya-32-300x225.jpg 300w, https:\/\/altismobilya.com\/wp-content\/uploads\/2021\/09\/urun-luxery-mobilya-32-768x576.jpg 768w, https:\/\/altismobilya.com\/wp-content\/uploads\/2021\/09\/urun-luxery-mobilya-32-1024x768.jpg 1024w\" sizes=\"(max-width: 1600px) 100vw, 1600px\" \/><\/p>\n<h2><strong>L\u00fcks Dekorasyon Nedir?<\/strong><\/h2>\n<p>L\u00fcks dekorasyon, ev ve i\u015f yeri gibi ya\u015fam alanlar\u0131n\u0131n olabildi\u011fince \u015f\u0131k ve pahal\u0131 mobilyalar ile d\u00f6\u015fenmesi anlam\u0131na gelir. Bu mobilyalar sadece pahal\u0131 olmakla kalmay\u0131p, pahal\u0131 olduklar\u0131n\u0131 belli eden detaylara sahip olmal\u0131lard\u0131r. L\u00fcks <strong>dekorasyon ipu\u00e7lar\u0131<\/strong> incelenecek olursa, ilk g\u00f6ze \u00e7arpan ayr\u0131nt\u0131 l\u00fcks dekorasyon renginin sar\u0131 olmas\u0131d\u0131r. \u00d6zellikle alt\u0131n sar\u0131s\u0131 detaylar, mobilyalara daha zengin bir hava katacakt\u0131r. Bu nedenle sahip olunan mobilyalarda alt\u0131n sar\u0131s\u0131 metal ve varak kullan\u0131m\u0131 <a href=\"https:\/\/altismobilya.com\/en\/modern-mobilya\/\"><strong>l\u00fcks dekorasyon <\/strong><\/a>i\u00e7in olmazsa olmaz detaylard\u0131r.<\/p>\n<p>L\u00fcks dekorasyonun imzas\u0131 durumunda olan varaklar, alt\u0131n ve g\u00fcm\u00fc\u015f gibi renklerden yap\u0131lan abart\u0131l\u0131 s\u00fcslemelerdir. Bu s\u00fcslemeler ortama daha a\u011f\u0131r ve zengin bir hava katman\u0131n en \u00f6nemli ara\u00e7lar\u0131ndand\u0131r. Varaklar bu anlamda l\u00fcks dekorasyonda olduk\u00e7a fazla kullan\u0131lmaktad\u0131r.<\/p>\n<p><img loading=\"lazy\" class=\"alignnone size-full wp-image-2893\" src=\"https:\/\/altismobilya.com\/wp-content\/uploads\/2021\/09\/urun-luxery-mobilya-26.jpg\" alt=\"l\u00fcks dekorasyon\" width=\"1600\" height=\"1066\" srcset=\"https:\/\/altismobilya.com\/wp-content\/uploads\/2021\/09\/urun-luxery-mobilya-26.jpg 1600w, https:\/\/altismobilya.com\/wp-content\/uploads\/2021\/09\/urun-luxery-mobilya-26-1200x800.jpg 1200w, https:\/\/altismobilya.com\/wp-content\/uploads\/2021\/09\/urun-luxery-mobilya-26-300x200.jpg 300w, https:\/\/altismobilya.com\/wp-content\/uploads\/2021\/09\/urun-luxery-mobilya-26-768x512.jpg 768w, https:\/\/altismobilya.com\/wp-content\/uploads\/2021\/09\/urun-luxery-mobilya-26-1024x682.jpg 1024w\" sizes=\"(max-width: 1600px) 100vw, 1600px\" \/><\/p>\n<h2><strong>Rahat Dekorasyon Hangi \u00d6zelliklere Sahiptir?<\/strong><\/h2>\n<p>Ev ve i\u015f yerlerimizin k\u0131saca ya\u015fam alanlar\u0131m\u0131z\u0131n olabildi\u011fince zevkimize ve tarz\u0131m\u0131za uygun olarak d\u00f6\u015fenmi\u015f olmas\u0131n\u0131 isteriz. Burada en \u00e7ok dikkat etti\u011fimiz noktalardan biri vaktimizin \u00e7o\u011funu ge\u00e7irdi\u011fimiz bu alanlar\u0131n olabildi\u011fince ihtiya\u00e7lar\u0131m\u0131za uygun ve rahat d\u00f6\u015fenmi\u015f olmas\u0131d\u0131r. Buna kar\u015f\u0131n ayn\u0131 zamanda sadece rahatl\u0131k de\u011fil l\u00fcks\u00fcn de \u00f6n plana \u00e7\u0131kmas\u0131n\u0131 isteriz. Bu anlamda <strong>rahat ve l\u00fcks dekorasyon<\/strong> olduk\u00e7a bir araya gelmesi zor gibi g\u00f6r\u00fcnmektedir. Bu \u015fekilde g\u00f6r\u00fcnmesine kar\u015f\u0131n d\u00fc\u015f\u00fcn\u00fcld\u00fc\u011f\u00fc kadar zor olmayan bu dekorasyon t\u00fcr\u00fc pek de al\u0131\u015f\u0131ld\u0131k bir g\u00f6r\u00fcnt\u00fc de\u011fildir. Genelde sadece l\u00fcks ya da sadece rahat bir ya\u015fam alan\u0131 ki\u015filerin tercihi olmakta. Buna kar\u015f\u0131n bazen hem l\u00fcks hem rahat bir g\u00f6r\u00fcn\u00fcm sahibi olmak da isteyen ki\u015filer mevcuttur.<\/p>\n<p><img loading=\"lazy\" class=\"alignnone size-full wp-image-2892\" src=\"https:\/\/altismobilya.com\/wp-content\/uploads\/2021\/09\/urun-luxery-mobilya-19.jpg\" alt=\"\" width=\"1024\" height=\"768\" srcset=\"https:\/\/altismobilya.com\/wp-content\/uploads\/2021\/09\/urun-luxery-mobilya-19.jpg 1024w, https:\/\/altismobilya.com\/wp-content\/uploads\/2021\/09\/urun-luxery-mobilya-19-700x525.jpg 700w, https:\/\/altismobilya.com\/wp-content\/uploads\/2021\/09\/urun-luxery-mobilya-19-300x225.jpg 300w, https:\/\/altismobilya.com\/wp-content\/uploads\/2021\/09\/urun-luxery-mobilya-19-768x576.jpg 768w\" sizes=\"(max-width: 1024px) 100vw, 1024px\" \/><\/p>\n<h2><strong>Rahat ve L\u00fcks Dekorasyon Nas\u0131l Bir Araya Getirilir?<\/strong><\/h2>\n<p>Rahat ve l\u00fcks dekorasyon bir araya gelmesi olduk\u00e7a zor bir dekorasyon t\u00fcr\u00fc olarak kar\u015f\u0131m\u0131za \u00e7\u0131ksa da baz\u0131 <strong>dekorasyon ipu\u00e7lar\u0131<\/strong> sayesinde kolayla\u015fmaktad\u0131r. \u00d6rne\u011fin varakl\u0131 bir koltuk tercih ederken koltu\u011fun varaklar ile sabitlenmi\u015f l\u00fcks g\u00f6r\u00fcn\u00fcm\u00fc daha rahat bir yap\u0131 ile dengelenebilir. Koltu\u011fun \u00fcst k\u0131s\u0131mlar\u0131 metal i\u015flemeli ve varakl\u0131 g\u00f6r\u00fcn\u00fcrken oturma k\u0131s\u0131mlar\u0131nda rahatl\u0131k \u00f6n plana \u00e7\u0131kabilir. B\u00f6ylece hem l\u00fcks hem rahat bir oturma grubuna sahip olunabilir. Bu anlamda zor gibi g\u00f6r\u00fcnen bir dekorasyon t\u00fcr\u00fc ba\u015far\u0131l\u0131 ile hayata ge\u00e7irilmi\u015f olabilir. Ayn\u0131 \u015fekilde perde ve hal\u0131 se\u00e7imleri de yap\u0131l\u0131rken alt\u0131n ya da g\u00fcm\u00fc\u015f detayl\u0131 ama spor kuma\u015flar tercih edilebilir. B\u00f6ylece hem l\u00fcks bir g\u00f6r\u00fcn\u00fcm hem de rahat bir kullan\u0131m sa\u011flanm\u0131\u015f olacakt\u0131r.<\/p>\n<p><img loading=\"lazy\" class=\"alignnone size-full wp-image-2891\" src=\"https:\/\/altismobilya.com\/wp-content\/uploads\/2021\/09\/urun-luxery-mobilya-07.jpg\" alt=\"\" width=\"1200\" height=\"1200\" srcset=\"https:\/\/altismobilya.com\/wp-content\/uploads\/2021\/09\/urun-luxery-mobilya-07.jpg 1200w, https:\/\/altismobilya.com\/wp-content\/uploads\/2021\/09\/urun-luxery-mobilya-07-100x100.jpg 100w, https:\/\/altismobilya.com\/wp-content\/uploads\/2021\/09\/urun-luxery-mobilya-07-150x150.jpg 150w, https:\/\/altismobilya.com\/wp-content\/uploads\/2021\/09\/urun-luxery-mobilya-07-300x300.jpg 300w, https:\/\/altismobilya.com\/wp-content\/uploads\/2021\/09\/urun-luxery-mobilya-07-768x768.jpg 768w, https:\/\/altismobilya.com\/wp-content\/uploads\/2021\/09\/urun-luxery-mobilya-07-1024x1024.jpg 1024w\" sizes=\"(max-width: 1200px) 100vw, 1200px\" \/><\/p>\n<h2><strong>Dekorasyon S\u0131rlar\u0131<\/strong><\/h2>\n<p>Dekorasyon olu\u015fturulurken her \u015feyden \u00f6nce kendi zevkimizi \u00f6nemsememiz gerekmektedir. Bunun sebebi ya\u015fam alan\u0131m\u0131z\u0131n bize \u00f6zel olu\u015fu ve bizim ya\u015fam standartlar\u0131m\u0131za g\u00f6re olmas\u0131 gerekti\u011fidir. Bu anlamda ilk \u00f6nce \u00f6nemsememiz gereken detay rahat\u0131m\u0131z olmal\u0131d\u0131r. Ayn\u0131 \u015fekilde d\u0131\u015far\u0131dan gelen ki\u015filerin bizim hakk\u0131m\u0131zdaki d\u00fc\u015f\u00fcncelerini de az \u00e7ok \u00f6nemseriz. Onlar\u0131n da bizim hakk\u0131m\u0131zda olumlu \u015feyler d\u00fc\u015f\u00fcnmesi i\u00e7in l\u00fcks bir dekorasyon olu\u015fturmak isteriz. Burada ortaya \u00e7\u0131kan soru hangi \u015f\u0131kk\u0131n daha \u00f6nemli oldu\u011fu ya da a\u011f\u0131r bast\u0131\u011f\u0131d\u0131r. Buna kar\u015f\u0131n ayn\u0131 anda hem <strong>rahat ve l\u00fcks dekorasyon<\/strong> sahibi olmak en \u00e7ok istedi\u011fimiz se\u00e7enektir.<\/p>\n<p>Bu ama\u00e7 sa\u011flan\u0131rken yap\u0131lmas\u0131 gereken \u015fey spor e\u015fyalar\u0131 metal ve alt\u0131n ya da g\u00fcm\u00fc\u015f ayr\u0131nt\u0131lar ile birlikte tercih etmektir. Burada en \u00f6nemli nokta dekorasyonu olu\u015ftururken belirli bir dengeyi g\u00f6zetmektir. \u00d6rne\u011fin \u00f6zellikle salon dekorasyonu olu\u015ftururken alt\u0131n detayl\u0131 biblo, \u015famdan ve vazo gibi detaylar kullan\u0131rken ayn\u0131 zamanda ortama ferahl\u0131k katacak bitki kullan\u0131mlar\u0131 hem rahat hem de l\u00fcks bir g\u00f6r\u00fcn\u00fcm\u00fc yan yana getirecek ve ikisini de m\u00fcmk\u00fcn k\u0131lacakt\u0131r.<\/p>\n<p><img loading=\"lazy\" class=\"alignnone size-full wp-image-2895\" src=\"https:\/\/altismobilya.com\/wp-content\/uploads\/2021\/09\/urun-luxery-mobilya-40.jpg\" alt=\"\" width=\"1200\" height=\"1200\" srcset=\"https:\/\/altismobilya.com\/wp-content\/uploads\/2021\/09\/urun-luxery-mobilya-40.jpg 1200w, https:\/\/altismobilya.com\/wp-content\/uploads\/2021\/09\/urun-luxery-mobilya-40-100x100.jpg 100w, https:\/\/altismobilya.com\/wp-content\/uploads\/2021\/09\/urun-luxery-mobilya-40-150x150.jpg 150w, https:\/\/altismobilya.com\/wp-content\/uploads\/2021\/09\/urun-luxery-mobilya-40-300x300.jpg 300w, https:\/\/altismobilya.com\/wp-content\/uploads\/2021\/09\/urun-luxery-mobilya-40-768x768.jpg 768w, https:\/\/altismobilya.com\/wp-content\/uploads\/2021\/09\/urun-luxery-mobilya-40-1024x1024.jpg 1024w\" sizes=\"(max-width: 1200px) 100vw, 1200px\" \/><\/p>\n<h2><strong>Rahat ve L\u00fcks Mobilyalar<\/strong><\/h2>\n<p>Rahat\u0131 ve l\u00fcks\u00fc bir araya getiren e\u015fya ve mobilya \u00f6rneklerine bak\u0131ld\u0131\u011f\u0131nda ilk g\u00f6ze \u00e7arpanlardan biri duvar s\u00fcslemeleri olmaktad\u0131r. Duvarlarda b\u00fcy\u00fck ve varakl\u0131 ayna kullan\u0131mlar\u0131 <strong>l\u00fcks dekorasyon<\/strong> i\u00e7in olmazsa olmazlardand\u0131r. Bunu yaparken ayn\u0131 anda an\u0131lar\u0131n\u0131z\u0131n yer ald\u0131\u011f\u0131 sade ve \u015f\u0131k foto\u011fraf \u00e7er\u00e7eveleri ile duvarlar\u0131 s\u00fcslemek belli bir dengeyi yakalaman\u0131za yard\u0131mc\u0131 olur.<\/p>\n<p>Dengenin g\u00f6zetilmesi ayn\u0131 anda iki z\u0131t dekorasyon t\u00fcr\u00fcn\u00fcn bir araya gelmesi i\u00e7in olmazsa olmazd\u0131r. Ayn\u0131 \u015fekilde hal\u0131lardan ve perdelerden birinin alt\u0131n ya da g\u00fcm\u00fc\u015f detayl\u0131 birinin ise sade bir renkte olmas\u0131 dengeyi besleyen ba\u015fka bir unsurdur. \u00d6zellikle yatak odas\u0131 gibi en rahat olman\u0131z gereken ortamlarda yatak ba\u015fl\u0131\u011f\u0131 varakl\u0131 ve l\u00fcks tamamlay\u0131c\u0131lar tercih edilmeli ancak yatak kesinlikle sizin rahat\u0131n\u0131za uygun olarak se\u00e7ilmelidir.<\/p>\n<p>T\u00fcm bu tavsiye ve dekorasyon s\u0131rlar\u0131 uyguland\u0131\u011f\u0131nda hayalinizdeki l\u00fcks ama ayn\u0131 zamanda rahat dekorasyon t\u00fcr\u00fcne ula\u015fm\u0131\u015f olacaks\u0131n\u0131z. Bunun i\u00e7in yapman\u0131z gereken tek \u015fey l\u00fcks ve rahat dekorasyon i\u00e7in bir uyumlu olan par\u00e7alar\u0131 ara\u015ft\u0131rmak ve okudu\u011funuz tavsiyeleri g\u00f6z \u00f6n\u00fcnde bulundurmakt\u0131r. Bu sayede amac\u0131n\u0131za ula\u015fm\u0131\u015f olacaks\u0131n\u0131z.<\/p>","protected":false},"excerpt":{"rendered":"<p>Evlerimizde rahat l\u00fcks bir g\u00f6r\u00fcn\u00fcme sahip olmak hepimizin hayalidir. O nedenle evlerimizin dekorasyonunu olduk\u00e7a \u00f6nem verir, her ayr\u0131nt\u0131y\u0131 iyice d\u00fc\u015f\u00fcnerek<\/p>","protected":false},"author":2,"featured_media":2896,"comment_status":"open","ping_status":"open","sticky":false,"template":"","format":"standard","meta":[],"categories":[66],"tags":[],"_links":{"self":[{"href":"https:\/\/altismobilya.com\/en\/wp-json\/wp\/v2\/posts\/2890"}],"collection":[{"href":"https:\/\/altismobilya.com\/en\/wp-json\/wp\/v2\/posts"}],"about":[{"href":"https:\/\/altismobilya.com\/en\/wp-json\/wp\/v2\/types\/post"}],"author":[{"embeddable":true,"href":"https:\/\/altismobilya.com\/en\/wp-json\/wp\/v2\/users\/2"}],"replies":[{"embeddable":true,"href":"https:\/\/altismobilya.com\/en\/wp-json\/wp\/v2\/comments?post=2890"}],"version-history":[{"count":1,"href":"https:\/\/altismobilya.com\/en\/wp-json\/wp\/v2\/posts\/2890\/revisions"}],"predecessor-version":[{"id":2897,"href":"https:\/\/altismobilya.com\/en\/wp-json\/wp\/v2\/posts\/2890\/revisions\/2897"}],"wp:featuredmedia":[{"embeddable":true,"href":"https:\/\/altismobilya.com\/en\/wp-json\/wp\/v2\/media\/2896"}],"wp:attachment":[{"href":"https:\/\/altismobilya.com\/en\/wp-json\/wp\/v2\/media?parent=2890"}],"wp:term":[{"taxonomy":"category","embeddable":true,"href":"https:\/\/altismobilya.com\/en\/wp-json\/wp\/v2\/categories?post=2890"},{"taxonomy":"post_tag","embeddable":true,"href":"https:\/\/altismobilya.com\/en\/wp-json\/wp\/v2\/tags?post=2890"}],"curies":[{"name":"wp","href":"https:\/\/api.w.org\/{rel}","templated":true}]}}