{"id":2859,"date":"2021-08-27T10:09:49","date_gmt":"2021-08-27T07:09:49","guid":{"rendered":"https:\/\/altismobilya.com\/?p=2859"},"modified":"2021-09-01T09:56:03","modified_gmt":"2021-09-01T06:56:03","slug":"salon-icin-etkileyici-dekorasyon-ve-ic-dizayn-fikirleri","status":"publish","type":"post","link":"https:\/\/altismobilya.com\/en\/salon-icin-etkileyici-dekorasyon-ve-ic-dizayn-fikirleri\/","title":{"rendered":"Salon \u0130\u00e7in Etkileyici Dekorasyon ve \u0130\u00e7 Dizayn Fikirleri"},"content":{"rendered":"<p>Evin en \u00e7ok kullan\u0131lan odas\u0131, \u015f\u00fcphesiz salonlard\u0131r. Salon dekorasyonu,<strong> etkileyici dekorasyon<\/strong> <strong>fikirleri<\/strong> ile d\u00f6\u015fenmi\u015f salonlar sayesinde m\u00fckemmel hale gelir. Yapaca\u011f\u0131n\u0131z do\u011fru tercihler, salonlar\u0131n g\u00f6z al\u0131c\u0131 bir g\u00f6r\u00fcn\u00fcme kavu\u015fmas\u0131n\u0131 sa\u011flar. Bunula birlikte <strong>etkileyici dekorasyon<\/strong> fikirleri ile d\u00f6\u015fenmi\u015f salonlar, g\u00fcn boyu kaliteli vakit ge\u00e7irebilece\u011finiz alanlar anlam\u0131na gelir.<\/p>\n<p><!--more--><\/p>\n<p>Dekorasyon tercihleri bak\u0131m\u0131ndan, evin geri kalan\u0131ndan daha \u00f6nemli olan salonlar, uygun se\u00e7imler ile m\u00fckemmel hale gelir. \u00c7\u00fcnk\u00fc kendi zevklerinizi yans\u0131tabilece\u011finiz alanlar olu\u015fturmak, dekorasyonlar\u0131n harika g\u00f6r\u00fcnmesini sa\u011flar. Bununla birlikte do\u011fru tercihler, salonlar\u0131n\u0131z\u0131n eskisinden daha d\u00fczenli ve g\u00f6steri\u015fli hale gelmesinde etkilidir.<\/p>\n<p>\u0130\u00e7 dizayn tercihlerinizin m\u00fckemmel olmas\u0131, ya\u015farken zevk alabilece\u011finiz evler anlam\u0131na gelir.<\/p>\n<h2>Etkileyici Bir G\u00f6r\u00fcn\u00fcm \u0130\u00e7in Duvar Ka\u011f\u0131d\u0131 Kullan\u0131n<\/h2>\n<p>Duvar ka\u011f\u0131d\u0131 kullan\u0131m\u0131, son y\u0131llarda yeniden trend haline gelmi\u015ftir. Evinizin g\u00f6r\u00fcn\u00fcm\u00fc olumlu anlamda de\u011fi\u015ftirirken uygun duvar ka\u011f\u0131tlar\u0131ndan faydalanabilirsiniz. Duvar ka\u011f\u0131d\u0131 se\u00e7imi yaparken, evin genel g\u00f6r\u00fcn\u00fcm\u00fcn\u00fc g\u00f6z \u00f6n\u00fcne al\u0131n. Bununla birlikte buna uygun se\u00e7imi yapmal\u0131s\u0131n\u0131z.<\/p>\n<p>Evin genel dekorasyonuna uyum sa\u011flamayan duvar ka\u011f\u0131tlar\u0131, ortamla uyumsuz bir g\u00f6r\u00fcnt\u00fc ortaya \u00e7\u0131kar\u0131r. Se\u00e7imlerinizi yaparken, i\u00e7 dizayn a\u00e7\u0131s\u0131ndan uyumluluk sa\u011flamas\u0131 \u00f6nemlidir. Duvar ka\u011f\u0131d\u0131 se\u00e7iminde modernli\u011fin l\u00fcks yorumunu yans\u0131tan tercihler yapman\u0131z, <strong>e<a href=\"https:\/\/altismobilya.com\/en\/luxury-mobilya\/#&amp;gid=1&amp;pid=18\">tkileyici dekorasyon<\/a><\/strong> g\u00f6r\u00fcn\u00fcmleri ortaya \u00e7\u0131karman\u0131za imkan sa\u011flar.<\/p>\n<p>Evinizin yenilenmi\u015f gibi g\u00f6r\u00fcnmesini sa\u011flayan yeni duvar ka\u011f\u0131tlar\u0131, e\u015fyalar\u0131n\u0131z ile uyum i\u00e7inde olmal\u0131d\u0131r. Ayn\u0131 zamanda mobilya desen ve renkleri ile uyum i\u00e7inde olan duvar ka\u011f\u0131tlar\u0131, tamamlay\u0131c\u0131 bir g\u00f6r\u00fcn\u00fcm ortaya \u00e7\u0131kar\u0131r. \u00d6zellikle farkl\u0131 iki tarz\u0131n yer ald\u0131\u011f\u0131 dekorasyonlarda, duvar ka\u011f\u0131tlar\u0131 yenileyici bir etkiye sahiptir.<\/p>\n<p><img loading=\"lazy\" class=\"alignnone size-full wp-image-2862\" src=\"https:\/\/altismobilya.com\/wp-content\/uploads\/2021\/08\/urun-luxery-mobilya-24.jpg\" alt=\"\" width=\"1200\" height=\"1200\" srcset=\"https:\/\/altismobilya.com\/wp-content\/uploads\/2021\/08\/urun-luxery-mobilya-24.jpg 1200w, https:\/\/altismobilya.com\/wp-content\/uploads\/2021\/08\/urun-luxery-mobilya-24-100x100.jpg 100w, https:\/\/altismobilya.com\/wp-content\/uploads\/2021\/08\/urun-luxery-mobilya-24-150x150.jpg 150w, https:\/\/altismobilya.com\/wp-content\/uploads\/2021\/08\/urun-luxery-mobilya-24-300x300.jpg 300w, https:\/\/altismobilya.com\/wp-content\/uploads\/2021\/08\/urun-luxery-mobilya-24-768x768.jpg 768w, https:\/\/altismobilya.com\/wp-content\/uploads\/2021\/08\/urun-luxery-mobilya-24-1024x1024.jpg 1024w\" sizes=\"(max-width: 1200px) 100vw, 1200px\" \/><\/p>\n<h3>Z\u0131t Objeler Kullanarak Evinize Hareketlilik Kat\u0131n<\/h3>\n<p>Evinize hareketlilik katmak istiyorsan\u0131z birbirine z\u0131t olan objeleri, evin farkl\u0131 yerlerinde kullanabilirsiniz. \u00dcstelik renklerde kullanaca\u011f\u0131n\u0131z z\u0131tl\u0131klar da ayn\u0131 \u015fekilde, farkl\u0131 bir g\u00f6r\u00fcn\u00fcm\u00fcn ortaya \u00e7\u0131kmas\u0131n\u0131 sa\u011flar.<\/p>\n<p>Evinizde hareketli alanlar olu\u015fturmak i\u00e7in z\u0131t objelerin g\u00fcc\u00fcnden yararlanmal\u0131s\u0131n\u0131z. Mobilyalar\u0131n\u0131z\u0131n renk ve \u015fekillerine z\u0131t olarak se\u00e7ece\u011finiz renk ve objeler, evin genel havas\u0131n\u0131 da de\u011fi\u015ftirecektir.\u00a0 <strong>\u0130\u00e7 dizayn fikirleri<\/strong> a\u00e7\u0131s\u0131ndan inceledi\u011fimizde, son d\u00f6nem trendleri aras\u0131nda z\u0131tl\u0131klar\u0131n \u00f6n plana \u00e7\u0131kt\u0131\u011f\u0131n\u0131 g\u00f6r\u00fcyoruz. Daha hareketli ve canl\u0131 ortamlar olu\u015fturmak isteyen ki\u015filerin, evlerinde z\u0131tl\u0131klara yer a\u00e7mas\u0131 gerekir.<\/p>\n<p>Evlerdeki renk ve objeleri uyum i\u00e7inde kullanman\u0131z, zaman i\u00e7inde sizi s\u0131kabilir. Ancak z\u0131t renkler daimi bir hareketlilik sa\u011flad\u0131\u011f\u0131ndan her an yeni bir bak\u0131\u015f a\u00e7\u0131s\u0131 ile bakman\u0131za yard\u0131mc\u0131 olur. \u00c7\u00fcnk\u00fc z\u0131tl\u0131klar\u0131n uyumu, <strong>etkileyici dekorasyon <\/strong>g\u00f6r\u00fcn\u00fcmleri ortaya \u00e7\u0131karman\u0131z\u0131 sa\u011flar. B\u00f6ylelikle zamans\u0131z tasar\u0131mlara sahip olmak istiyorsan\u0131z, evinizde z\u0131t alanlar olu\u015fturmal\u0131s\u0131n\u0131z. Bu alanlar\u0131 belli bir uyum i\u00e7inde sunman\u0131z, etkileyici bir ortam\u0131n anahtar\u0131d\u0131r.<\/p>\n<h4>Etkileyici Dekorasyonlar \u0130\u00e7in Do\u011fru Renkler Kullan\u0131n<\/h4>\n<p>Evlerde sakin ve ferah bir hava olu\u015fturmak isteyenler, do\u011fru renk kullanmaya \u00f6zen g\u00f6stermelidir. \u00c7\u00fcnk\u00fc do\u011fru renk kullan\u0131m\u0131, evlerinizdeki dekorasyon ve mobilya tercihlerinizin g\u00f6r\u00fcn\u00fcr olmas\u0131n\u0131 sa\u011flar. Bununla birlikte g\u00f6z al\u0131c\u0131 dekorasyonlara sahip olmak isteyen ki\u015filer, hangi renklerin bir arada kullan\u0131lmas\u0131 gerekti\u011fi bilgisine sahip olmal\u0131d\u0131r.<\/p>\n<p><a href=\"https:\/\/altismobilya.com\/en\/luxury-mobilya\/#&amp;gid=1&amp;pid=1\"><strong>Etkileyici dekorasyon<\/strong> <strong>fikirleri<\/strong><\/a> incelendi\u011finde, renklerin belli bir uyum i\u00e7inde olmas\u0131 gerekti\u011fini yukar\u0131da da belirttik. Ayn\u0131 zamanda salonunu yenilemek isteyen ki\u015filer, sadece renkler \u00fczerinde de\u011fi\u015fiklik yapsa bile bu b\u00fcy\u00fck bir ad\u0131m olur.<\/p>\n<p>Evlerin dekorasyonlar\u0131 insan ruhu \u00fczerinde geli\u015ftirici etkilere sahiptir. \u00d6rne\u011fin evlerinizde daha sakin renklere yer vermeniz, g\u00fcn boyu stresli ortamlarda bulunman\u0131z\u0131n ard\u0131ndan sakinlikle bulu\u015fman\u0131z\u0131 sa\u011flayacakt\u0131r. Evlerinizin d\u00fczen i\u00e7inde g\u00f6r\u00fcnmesi, \u00e7o\u011fu zaman do\u011fru renkleri kullanman\u0131z ile m\u00fcmk\u00fcn hale gelir. Yani evinize gelen misafirlerinizi etkilemek, do\u011fru renk kullan\u0131m\u0131 sayesinde, d\u00fc\u015f\u00fcnd\u00fc\u011f\u00fcn\u00fcz kadar zor de\u011fil.<\/p>\n<p><img loading=\"lazy\" class=\"alignnone wp-image-2863\" src=\"https:\/\/altismobilya.com\/wp-content\/uploads\/2021\/08\/urun-luxery-mobilya-42-1.jpg\" alt=\"Salon \u0130\u00e7in Etkileyici Dekorasyon ve \u0130\u00e7 Dizayn Fikirleri\" width=\"953\" height=\"953\" srcset=\"https:\/\/altismobilya.com\/wp-content\/uploads\/2021\/08\/urun-luxery-mobilya-42-1.jpg 1200w, https:\/\/altismobilya.com\/wp-content\/uploads\/2021\/08\/urun-luxery-mobilya-42-1-100x100.jpg 100w, https:\/\/altismobilya.com\/wp-content\/uploads\/2021\/08\/urun-luxery-mobilya-42-1-150x150.jpg 150w, https:\/\/altismobilya.com\/wp-content\/uploads\/2021\/08\/urun-luxery-mobilya-42-1-300x300.jpg 300w, https:\/\/altismobilya.com\/wp-content\/uploads\/2021\/08\/urun-luxery-mobilya-42-1-768x768.jpg 768w, https:\/\/altismobilya.com\/wp-content\/uploads\/2021\/08\/urun-luxery-mobilya-42-1-1024x1024.jpg 1024w\" sizes=\"(max-width: 953px) 100vw, 953px\" \/><\/p>\n<h5>Modern Bir G\u00f6r\u00fcn\u00fcm \u0130\u00e7in Gri Rengin Uyumundan Yararlan\u0131n<\/h5>\n<p>Evlerinizde temel renkler kullanman\u0131z, g\u00f6r\u00fcn\u00fcm\u00fcn\u00fcn hem daha sade hem de daha \u015f\u0131k g\u00f6r\u00fcnmesini sa\u011flar. \u00d6rne\u011fin a\u00e7\u0131k renklerden koyu renklere, d\u00fcz renk kullan\u0131m\u0131 evlerinizdeki <strong>etkileyici dekorasyon <\/strong>fikirlerini ortaya \u00e7\u0131kar\u0131r. \u00dcstelik gri rengin sahip oldu\u011fu sofistike g\u00f6r\u00fcn\u00fcm, evinizin daha modern bir g\u00f6r\u00fcn\u00fcme kavu\u015fmas\u0131nda etkili olur.<\/p>\n<p>Gri rengin en \u00f6nemli \u00f6zelliklerinden birisi birlikte kulland\u0131\u011f\u0131n\u0131z renkler de belli bir uyum yaratmas\u0131d\u0131r. Dekorasyonlar\u0131n\u0131zda a\u00e7\u0131k ya da koyu renkler kulland\u0131\u011f\u0131n\u0131zda, gri rengin uyumundan yararlanabilirsiniz. \u0130\u00e7 dizayn fikirlerini inceledi\u011finizde, gri rengin \u00f6ne \u00e7\u0131kt\u0131\u011f\u0131n\u0131 g\u00f6receksiniz. Her ortamda ve her renkle rahatl\u0131kla kullanabilirsiniz.<\/p>\n<p>Modern ve g\u00f6z al\u0131c\u0131 dekorasyonlar olu\u015fturmak, hemen herkesin hayalidir. Bu y\u00fczden evlerinize farkl\u0131 bir hava katmak i\u00e7in kullanaca\u011f\u0131n\u0131z renklerle b\u00fcy\u00fck bir d\u00f6n\u00fc\u015f\u00fcm yaratabilirsiniz. Ufak de\u011fi\u015fiklikler, b\u00fcy\u00fck g\u00f6r\u00fcn\u00fcm farkl\u0131l\u0131klar\u0131 ortaya \u00e7\u0131kar\u0131r.<\/p>\n<h6>\u00d6zel Tasar\u0131m Mobilyalarla Fark Yaratan Dekorasyonlar<\/h6>\n<p>Mobilya se\u00e7imi, dekorasyon g\u00f6r\u00fcn\u00fcmleri \u00fczerinde olduk\u00e7a etkilidir. Se\u00e7ti\u011finiz mobilyalar\u0131n g\u00f6r\u00fcn\u00fcm ve konforlar\u0131 evin t\u00fcm alanlar\u0131n\u0131 etkiler. Bu a\u00e7\u0131dan mobilya se\u00e7imlerinizi \u00f6zenli \u015fekilde yapman\u0131z gerekir. Ayn\u0131 zamanda se\u00e7imlerinize ki\u015fisel zevklerinizden kataca\u011f\u0131n\u0131z par\u00e7alar, <strong>etkileyici dekorasyon <\/strong>fikirlerinin ortaya \u00e7\u0131karmas\u0131n\u0131 sa\u011flar.<\/p>\n<p>Evinizde yenilik\u00e7i fikirlere yer a\u00e7man\u0131z, genel ruh haliniz \u00fczerinde etkili olur. Modernli\u011fin ihti\u015faml\u0131 modellerle bulu\u015ftu\u011fu mobilya modelleri, evlerinize bamba\u015fka bir g\u00f6r\u00fcn\u00fcm kazand\u0131r\u0131r. Daha iyi g\u00f6r\u00fcn\u00fcme sahip evler i\u00e7in sizler de tercihlerinizi \u00f6zg\u00fcn tasar\u0131ml\u0131 mobilyalardan yana kullanabilirsiniz.<\/p>\n<p>Hareketli tasar\u0131mlara sahip \u00fcr\u00fcnler, g\u00fcn i\u00e7inde daha kaliteli ortamlarda vakit ge\u00e7irmenizi sa\u011flar. Tasar\u0131m ve renk a\u00e7\u0131s\u0131ndan sizleri tatmin eden mobilyalara y\u00f6nelmek, dekorasyon tercihleriniz a\u00e7\u0131s\u0131ndan da belli bir uyumun yakalanmas\u0131na katk\u0131da bulunur.<\/p>","protected":false},"excerpt":{"rendered":"<p>Evin en \u00e7ok kullan\u0131lan odas\u0131, \u015f\u00fcphesiz salonlard\u0131r. Salon dekorasyonu, etkileyici dekorasyon fikirleri ile d\u00f6\u015fenmi\u015f salonlar sayesinde m\u00fckemmel hale gelir. Yapaca\u011f\u0131n\u0131z<\/p>","protected":false},"author":2,"featured_media":2567,"comment_status":"open","ping_status":"open","sticky":false,"template":"","format":"standard","meta":[],"categories":[66],"tags":[],"_links":{"self":[{"href":"https:\/\/altismobilya.com\/en\/wp-json\/wp\/v2\/posts\/2859"}],"collection":[{"href":"https:\/\/altismobilya.com\/en\/wp-json\/wp\/v2\/posts"}],"about":[{"href":"https:\/\/altismobilya.com\/en\/wp-json\/wp\/v2\/types\/post"}],"author":[{"embeddable":true,"href":"https:\/\/altismobilya.com\/en\/wp-json\/wp\/v2\/users\/2"}],"replies":[{"embeddable":true,"href":"https:\/\/altismobilya.com\/en\/wp-json\/wp\/v2\/comments?post=2859"}],"version-history":[{"count":1,"href":"https:\/\/altismobilya.com\/en\/wp-json\/wp\/v2\/posts\/2859\/revisions"}],"predecessor-version":[{"id":2864,"href":"https:\/\/altismobilya.com\/en\/wp-json\/wp\/v2\/posts\/2859\/revisions\/2864"}],"wp:featuredmedia":[{"embeddable":true,"href":"https:\/\/altismobilya.com\/en\/wp-json\/wp\/v2\/media\/2567"}],"wp:attachment":[{"href":"https:\/\/altismobilya.com\/en\/wp-json\/wp\/v2\/media?parent=2859"}],"wp:term":[{"taxonomy":"category","embeddable":true,"href":"https:\/\/altismobilya.com\/en\/wp-json\/wp\/v2\/categories?post=2859"},{"taxonomy":"post_tag","embeddable":true,"href":"https:\/\/altismobilya.com\/en\/wp-json\/wp\/v2\/tags?post=2859"}],"curies":[{"name":"wp","href":"https:\/\/api.w.org\/{rel}","templated":true}]}}